{"thumbnail_url":false,"thumbnail_height":150,"thumbnail_width":150,"title":"Den z\u00e1me\u010dn\u00edk\u016f ve WIEGEL Zittau","description":"Na Schlossertag u WIEGEL Zittau: praktick\u00e9 uk\u00e1zky, prohl\u00eddka z\u00e1vodu a odborn\u00e9 informace o \u017e\u00e1rov\u00e9m zinkov\u00e1n\u00ed a pr\u00e1\u0161kov\u00e9m n\u00e1t\u011bru."}