{"thumbnail_url":false,"thumbnail_height":150,"thumbnail_width":150,"title":"WIEGEL Feldkirch v tisku","description":"WIEGEL Feldkirch v tisku: medi\u00e1ln\u00ed \u010dl\u00e1nky o na\u0161em ocel\u00e1\u0159sk\u00e9m z\u00e1vod\u011b ve Feldkirchu \u2013 p\u0159ehled projekt\u016f a tiskov\u00e9 ohlasy."}