{"thumbnail_url":false,"thumbnail_height":150,"thumbnail_width":150,"title":"Logistika so sk\u00fasenos\u0165ami: Georg z Denkendorfu","description":"Vodi\u010d WIEGEL Denkendorf: Georg Krafft zdie\u013ea svoje ka\u017edodenn\u00e9 sk\u00fasenosti v logistike, pl\u00e1novan\u00ed tr\u00e1s a komunik\u00e1cii so z\u00e1kazn\u00edkmi."}