{"thumbnail_url":false,"thumbnail_height":150,"thumbnail_width":150,"title":"WIEGEL Feldkirch v tla\u010di","description":"WIEGEL Feldkirch v tla\u010di: \u010dasopis DIE WIRTSCHAFT predstavuje na\u0161e antikor\u00f3zne rie\u0161enia vo Vorarlbergu a rozhovor so Sagmeisterom."}